

{"id":12583,"date":"2026-02-24T12:09:59","date_gmt":"2026-02-24T11:09:59","guid":{"rendered":"https:\/\/blackviewphones.com\/?p=12583"},"modified":"2026-03-26T11:38:53","modified_gmt":"2026-03-26T10:38:53","slug":"nuove-normative-sulle-importazioni-in-europa-che-i-consumatori-dovrebbero-conoscere-nel-2026","status":"publish","type":"post","link":"https:\/\/blackviewphones.com\/it\/nuevas-normas-de-importacion-en-europa-que-deben-saber-los-consumidores-en-2026\/","title":{"rendered":"Nuove regole sulle importazioni in Europa: cosa devono sapere i consumatori nel 2026"},"content":{"rendered":"<div data-elementor-type=\"wp-post\" data-elementor-id=\"12583\" class=\"elementor elementor-12583\" data-elementor-post-type=\"post\">\n\t\t\t\t<div class=\"elementor-element elementor-element-dce6d14 e-flex e-con-boxed e-con e-parent\" data-id=\"dce6d14\" data-element_type=\"container\" data-e-type=\"container\">\n\t\t\t\t\t<div class=\"e-con-inner\">\n\t\t\t\t<div class=\"elementor-element elementor-element-a0d482f elementor-widget elementor-widget-text-editor\" data-id=\"a0d482f\" data-element_type=\"widget\" data-e-type=\"widget\" data-widget_type=\"text-editor.default\">\n\t\t\t\t<div class=\"elementor-widget-container\">\n\t\t\t\t\t\t\t\t\t<p data-start=\"605\" data-end=\"842\">Con le nuove normative approvate dall&#039;Unione Europea, gli ordini provenienti da paesi extra-UE, soprattutto quelli di basso valore, inizieranno a essere soggetti a controlli pi\u00f9 severi e a possibili tariffe aggiuntive.<\/p><p data-start=\"844\" data-end=\"1084\">Ci\u00f2 colpisce direttamente milioni di consumatori in paesi come <strong data-start=\"911\" data-end=\"965\">Portogallo, Germania, Italia, Paesi Bassi e Belgio<\/strong>, dove negli ultimi anni l&#039;acquisto di gadget tecnologici su piattaforme internazionali \u00e8 diventato molto comune.<\/p><p>\u00a0<\/p><p data-start=\"1086\" data-end=\"1129\">Ma cosa significa realmente questo cambiamento?<\/p>\t\t\t\t\t\t\t\t<\/div>\n\t\t\t\t<\/div>\n\t\t\t\t<div class=\"elementor-element elementor-element-756c91c elementor-headline--style-highlight elementor-widget elementor-widget-animated-headline\" data-id=\"756c91c\" data-element_type=\"widget\" data-e-type=\"widget\" data-settings=\"{&quot;highlighted_text&quot;:&quot;cambiando&quot;,&quot;headline_style&quot;:&quot;highlight&quot;,&quot;marker&quot;:&quot;circle&quot;,&quot;loop&quot;:&quot;yes&quot;,&quot;highlight_animation_duration&quot;:1200,&quot;highlight_iteration_delay&quot;:8000}\" data-widget_type=\"animated-headline.default\">\n\t\t\t\t<div class=\"elementor-widget-container\">\n\t\t\t\t\t\t\t<div id=\"ez-toc-container\" class=\"ez-toc-v2_0_82_2 counter-hierarchy ez-toc-counter ez-toc-grey ez-toc-container-direction\">\n<div class=\"ez-toc-title-container\">\n<p class=\"ez-toc-title\" style=\"cursor:inherit\">Sommario<\/p>\n<span class=\"ez-toc-title-toggle\"><a href=\"#\" class=\"ez-toc-pull-right ez-toc-btn ez-toc-btn-xs ez-toc-btn-default ez-toc-toggle\" aria-label=\"Attiva\/disattiva la tabella dei contenuti\"><span class=\"ez-toc-js-icon-con\"><span class=\"\"><span class=\"eztoc-hide\" style=\"display:none;\">Attiva\/disattiva<\/span><span class=\"ez-toc-icon-toggle-span\"><svg style=\"fill: #999;color:#999\" xmlns=\"http:\/\/www.w3.org\/2000\/svg\" class=\"list-377408\" width=\"20px\" height=\"20px\" viewbox=\"0 0 24 24\" fill=\"none\"><path d=\"M6 6H4v2h2V6zm14 0H8v2h12V6zM4 11h2v2H4v-2zm16 0H8v2h12v-2zM4 16h2v2H4v-2zm16 0H8v2h12v-2z\" fill=\"currentColor\"><\/path><\/svg><svg style=\"fill: #999;color:#999\" class=\"arrow-unsorted-368013\" xmlns=\"http:\/\/www.w3.org\/2000\/svg\" width=\"10px\" height=\"10px\" viewbox=\"0 0 24 24\" version=\"1.2\" baseprofile=\"tiny\"><path d=\"M18.2 9.3l-6.2-6.3-6.2 6.3c-.2.2-.3.4-.3.7s.1.5.3.7c.2.2.4.3.7.3h11c.3 0 .5-.1.7-.3.2-.2.3-.5.3-.7s-.1-.5-.3-.7zM5.8 14.7l6.2 6.3 6.2-6.3c.2-.2.3-.5.3-.7s-.1-.5-.3-.7c-.2-.2-.4-.3-.7-.3h-11c-.3 0-.5.1-.7.3-.2.2-.3.5-.3.7s.1.5.3.7z\"\/><\/svg><\/span><\/span><\/span><\/a><\/span><\/div>\n<nav><ul class='ez-toc-list ez-toc-list-level-1' ><ul class='ez-toc-list-level-3' ><li class='ez-toc-heading-level-3'><a class=\"ez-toc-link ez-toc-heading-1\" href=\"https:\/\/blackviewphones.com\/it\/nuevas-normas-de-importacion-en-europa-que-deben-saber-los-consumidores-en-2026\/#El_comercio_electronico_en_Europa_esta_cambiando\" >Il commercio elettronico in Europa sta cambiando<\/a><\/li><\/ul><\/li><li class='ez-toc-page-1 ez-toc-heading-level-2'><a class=\"ez-toc-link ez-toc-heading-2\" href=\"https:\/\/blackviewphones.com\/it\/nuevas-normas-de-importacion-en-europa-que-deben-saber-los-consumidores-en-2026\/#El_fin_de_las_%E2%80%9Cimportaciones_invisibles%E2%80%9D\" >La fine delle \u201cimportazioni invisibili\u201d<\/a><\/li><li class='ez-toc-page-1 ez-toc-heading-level-2'><a class=\"ez-toc-link ez-toc-heading-3\" href=\"https:\/\/blackviewphones.com\/it\/nuevas-normas-de-importacion-en-europa-que-deben-saber-los-consumidores-en-2026\/#%C2%BFComo_afecta_esto_a_consumidores_en_Alemania_Portugal_o_Italia\" >In che modo ci\u00f2 influisce sui consumatori in Germania, Portogallo o Italia?<\/a><\/li><li class='ez-toc-page-1 ez-toc-heading-level-2'><a class=\"ez-toc-link ez-toc-heading-4\" href=\"https:\/\/blackviewphones.com\/it\/nuevas-normas-de-importacion-en-europa-que-deben-saber-los-consumidores-en-2026\/#La_importancia_del_stock_europeo_y_la_garantia_real\" >L&#039;importanza delle azioni europee e la garanzia reale<\/a><\/li><li class='ez-toc-page-1 ez-toc-heading-level-2'><a class=\"ez-toc-link ez-toc-heading-5\" href=\"https:\/\/blackviewphones.com\/it\/nuevas-normas-de-importacion-en-europa-que-deben-saber-los-consumidores-en-2026\/#%C2%BFEstamos_ante_un_cambio_estructural_en_el_e-commerce_europeo\" >Stiamo assistendo a un cambiamento strutturale nell&#039;e-commerce europeo?<\/a><\/li><li class='ez-toc-page-1 ez-toc-heading-level-2'><a class=\"ez-toc-link ez-toc-heading-6\" href=\"https:\/\/blackviewphones.com\/it\/nuevas-normas-de-importacion-en-europa-que-deben-saber-los-consumidores-en-2026\/#Preguntas_frecuentes_que_estan_surgiendo_en_Europa\" >Domande frequenti che sorgono in Europa<\/a><\/li><\/ul><\/nav><\/div>\n<h3 class=\"elementor-headline\"><span class=\"ez-toc-section\" id=\"El_comercio_electronico_en_Europa_esta_cambiando\"><\/span>\r\n\t\t\t\t\t<span class=\"elementor-headline-plain-text elementor-headline-text-wrapper\">L&#039;e-commerce in Europa \u00e8<\/span>\r\n\t\t\t\t<span class=\"elementor-headline-dynamic-wrapper elementor-headline-text-wrapper\">\r\n\t\t\t\t\t<span class=\"elementor-headline-dynamic-text elementor-headline-text-active\">cambiare<\/span>\r\n\t\t\t\t<\/span>\r\n\t\t\t\t<span class=\"ez-toc-section-end\"><\/span><\/h3>\r\n\t\t\t\t\t\t<\/div>\n\t\t\t\t<\/div>\n\t\t\t\t\t<\/div>\n\t\t\t\t<\/div>\n\t\t<div class=\"elementor-element elementor-element-ff95d20 e-flex e-con-boxed e-con e-parent\" data-id=\"ff95d20\" data-element_type=\"container\" data-e-type=\"container\">\n\t\t\t\t\t<div class=\"e-con-inner\">\n\t\t\t\t<div class=\"elementor-element elementor-element-fcf3662 elementor-widget elementor-widget-text-editor\" data-id=\"fcf3662\" data-element_type=\"widget\" data-e-type=\"widget\" data-widget_type=\"text-editor.default\">\n\t\t\t\t<div class=\"elementor-widget-container\">\n\t\t\t\t\t\t\t\t\t<h2 data-start=\"1136\" data-end=\"1179\"><span class=\"ez-toc-section\" id=\"El_fin_de_las_%E2%80%9Cimportaciones_invisibles%E2%80%9D\"><\/span>La fine delle \u201cimportazioni invisibili\u201d<span class=\"ez-toc-section-end\"><\/span><\/h2><p data-start=\"1181\" data-end=\"1366\">Per molto tempo, molti prodotti spediti da paesi extra-UE sono arrivati senza che il consumatore si accorgesse di alcun costo aggiuntivo. Il prezzo visualizzato sullo schermo sembrava definitivo.<\/p><p data-start=\"1368\" data-end=\"1420\">Con il nuovo quadro normativo la situazione cambia:<\/p><ul data-start=\"1422\" data-end=\"1606\"><li data-start=\"1422\" data-end=\"1447\"><p data-start=\"1424\" data-end=\"1447\">Maggiore controllo doganale.<\/p><\/li><li data-start=\"1448\" data-end=\"1517\"><p data-start=\"1450\" data-end=\"1517\">Possibile applicazione di tariffe anche su prodotti di basso valore.<\/p><\/li><li data-start=\"1518\" data-end=\"1548\"><p data-start=\"1520\" data-end=\"1548\">Gestione fiscale pi\u00f9 rigorosa.<\/p><\/li><li data-start=\"1549\" data-end=\"1606\"><p data-start=\"1551\" data-end=\"1606\">Maggiore responsabilit\u00e0 per le piattaforme internazionali.<\/p><\/li><\/ul><p data-start=\"1608\" data-end=\"1729\">Nella pratica, ci\u00f2 pu\u00f2 tradursi in prezzi finali pi\u00f9 elevati o in ulteriore burocrazia prima di ricevere il pacco.<\/p>\t\t\t\t\t\t\t\t<\/div>\n\t\t\t\t<\/div>\n\t\t\t\t\t<\/div>\n\t\t\t\t<\/div>\n\t\t<div class=\"elementor-element elementor-element-8c93ca0 e-flex e-con-boxed e-con e-parent\" data-id=\"8c93ca0\" data-element_type=\"container\" data-e-type=\"container\">\n\t\t\t\t\t<div class=\"e-con-inner\">\n\t\t<div class=\"elementor-element elementor-element-b583b98 e-con-full e-flex e-con e-child\" data-id=\"b583b98\" data-element_type=\"container\" data-e-type=\"container\">\n\t\t\t\t<div class=\"elementor-element elementor-element-69199ad elementor-widget elementor-widget-text-editor\" data-id=\"69199ad\" data-element_type=\"widget\" data-e-type=\"widget\" data-widget_type=\"text-editor.default\">\n\t\t\t\t<div class=\"elementor-widget-container\">\n\t\t\t\t\t\t\t\t\t<h2 data-start=\"1736\" data-end=\"1803\"><span class=\"ez-toc-section\" id=\"%C2%BFComo_afecta_esto_a_consumidores_en_Alemania_Portugal_o_Italia\"><\/span>In che modo ci\u00f2 influisce sui consumatori in Germania, Portogallo o Italia?<span class=\"ez-toc-section-end\"><\/span><\/h2><p data-start=\"1805\" data-end=\"1997\">In mercati come la Germania o i Paesi Bassi, dove i consumatori attribuiscono grande importanza alla trasparenza e alla tutela legale, queste misure rafforzano l&#039;importanza di acquistare nel contesto europeo.<\/p><p data-start=\"1999\" data-end=\"2202\">In Portogallo, Italia o Belgio, dove il commercio online internazionale \u00e8 cresciuto enormemente negli ultimi anni, l&#039;impatto si fa sentire soprattutto sui prodotti tecnologici a basso o medio prezzo.<\/p><p data-start=\"2204\" data-end=\"2247\">I dubbi che cominciano a sorgere sono chiari:<\/p><ul data-start=\"2249\" data-end=\"2467\"><li data-start=\"2249\" data-end=\"2299\"><p data-start=\"2251\" data-end=\"2299\">Il prezzo che vedo \u00e8 davvero il prezzo finale?<\/p><\/li><li data-start=\"2300\" data-end=\"2350\"><p data-start=\"2302\" data-end=\"2350\">Dovr\u00f2 pagare qualcosa in pi\u00f9 quando ricever\u00f2 l&#039;ordine?<\/p><\/li><li data-start=\"2351\" data-end=\"2398\"><p data-start=\"2353\" data-end=\"2398\">Cosa succede se il prodotto presenta un problema?<\/p><\/li><li data-start=\"2399\" data-end=\"2467\"><p data-start=\"2401\" data-end=\"2467\">Come funziona la garanzia quando il venditore si trova al di fuori dell&#039;UE?<\/p><\/li><\/ul><p data-start=\"2469\" data-end=\"2533\">Questo nuovo contesto cambia la percezione del &quot;risparmio immediato&quot;.<\/p>\t\t\t\t\t\t\t\t<\/div>\n\t\t\t\t<\/div>\n\t\t\t\t<\/div>\n\t\t\t\t\t<\/div>\n\t\t\t\t<\/div>\n\t\t<div class=\"elementor-element elementor-element-1d81ec6 e-flex e-con-boxed e-con e-parent\" data-id=\"1d81ec6\" data-element_type=\"container\" data-e-type=\"container\">\n\t\t\t\t\t<div class=\"e-con-inner\">\n\t\t<div class=\"elementor-element elementor-element-56fcb08 e-con-full e-flex e-con e-child\" data-id=\"56fcb08\" data-element_type=\"container\" data-e-type=\"container\">\n\t\t\t\t<div class=\"elementor-element elementor-element-f0a2cd8 elementor-blockquote--skin-border elementor-widget elementor-widget-blockquote\" data-id=\"f0a2cd8\" data-element_type=\"widget\" data-e-type=\"widget\" data-widget_type=\"blockquote.default\">\n\t\t\t\t<div class=\"elementor-widget-container\">\n\t\t\t\t\t\t\t<blockquote class=\"elementor-blockquote\">\r\n\t\t\t<p class=\"elementor-blockquote__content\">\r\n\t\t\t\tGrazie al nostro ampio magazzino in Spagna, siamo preparati ad affrontare la domanda dei nostri prodotti. Non tutti lo sanno ancora, ma sar\u00e0 un cambiamento significativo per il mercato.\t\t\t<\/p>\r\n\t\t\t\t\t\t\t<div class=\"e-q-footer\">\r\n\t\t\t\t\t\t\t\t\t\t\t<cite class=\"elementor-blockquote__author\">Javier Mesa - Direttore<\/cite>\r\n\t\t\t\t\t\t\t\t\t\t\t\t\t\t<\/div>\r\n\t\t\t\t\t<\/blockquote>\r\n\t\t\t\t\t\t<\/div>\n\t\t\t\t<\/div>\n\t\t\t\t<\/div>\n\t\t<div class=\"elementor-element elementor-element-6c2ebc6 e-con-full e-flex e-con e-child\" data-id=\"6c2ebc6\" data-element_type=\"container\" data-e-type=\"container\">\n\t\t\t\t<div class=\"elementor-element elementor-element-84efdc6 elementor-widget elementor-widget-image\" data-id=\"84efdc6\" data-element_type=\"widget\" data-e-type=\"widget\" data-widget_type=\"image.default\">\n\t\t\t\t<div class=\"elementor-widget-container\">\n\t\t\t\t\t\t\t\t\t\t\t\t\t\t\t<img fetchpriority=\"high\" decoding=\"async\" width=\"960\" height=\"720\" src=\"https:\/\/blackviewphones.com\/wp-content\/uploads\/2026\/01\/IMG_8995-1024x768.avif\" class=\"attachment-large size-large wp-image-11482\" alt=\"\" srcset=\"https:\/\/blackviewphones.com\/wp-content\/uploads\/2026\/01\/IMG_8995-1024x768.avif 1024w, https:\/\/blackviewphones.com\/wp-content\/uploads\/2026\/01\/IMG_8995-300x225.avif 300w, https:\/\/blackviewphones.com\/wp-content\/uploads\/2026\/01\/IMG_8995-768x576.avif 768w, https:\/\/blackviewphones.com\/wp-content\/uploads\/2026\/01\/IMG_8995-1536x1152.avif 1536w, https:\/\/blackviewphones.com\/wp-content\/uploads\/2026\/01\/IMG_8995-2048x1536.avif 2048w, https:\/\/blackviewphones.com\/wp-content\/uploads\/2026\/01\/IMG_8995-16x12.avif 16w, https:\/\/blackviewphones.com\/wp-content\/uploads\/2026\/01\/IMG_8995-600x450.avif 600w, https:\/\/blackviewphones.com\/wp-content\/uploads\/2026\/01\/IMG_8995-72x54.avif 72w\" sizes=\"(max-width: 960px) 100vw, 960px\" \/>\t\t\t\t\t\t\t\t\t\t\t\t\t\t\t<\/div>\n\t\t\t\t<\/div>\n\t\t\t\t<\/div>\n\t\t\t\t\t<\/div>\n\t\t\t\t<\/div>\n\t\t<div class=\"elementor-element elementor-element-f5bbe75 e-flex e-con-boxed e-con e-parent\" data-id=\"f5bbe75\" data-element_type=\"container\" data-e-type=\"container\">\n\t\t\t\t\t<div class=\"e-con-inner\">\n\t\t\t\t<div class=\"elementor-element elementor-element-767fc2a elementor-widget elementor-widget-text-editor\" data-id=\"767fc2a\" data-element_type=\"widget\" data-e-type=\"widget\" data-widget_type=\"text-editor.default\">\n\t\t\t\t<div class=\"elementor-widget-container\">\n\t\t\t\t\t\t\t\t\t<h2 data-start=\"2540\" data-end=\"2594\"><span class=\"ez-toc-section\" id=\"La_importancia_del_stock_europeo_y_la_garantia_real\"><\/span>L&#039;importanza delle azioni europee e la garanzia reale<span class=\"ez-toc-section-end\"><\/span><\/h2><p data-start=\"2596\" data-end=\"2696\">Noi di Blackview Phones operiamo con distribuzione sul territorio europeo, il che ci consente di offrire:<\/p><ul data-start=\"2698\" data-end=\"2916\"><li data-start=\"2698\" data-end=\"2745\"><p data-start=\"2700\" data-end=\"2745\">Prezzi chiari fin dal momento dell&#039;acquisto.<\/p><\/li><li data-start=\"2746\" data-end=\"2816\"><p data-start=\"2748\" data-end=\"2816\">Consegne pi\u00f9 rapide in paesi come Germania, Italia o Paesi Bassi.<\/p><\/li><li data-start=\"2817\" data-end=\"2877\"><p data-start=\"2819\" data-end=\"2877\">Garanzia estesa di oltre 3 anni su molti dispositivi.<\/p><\/li><li data-start=\"2878\" data-end=\"2916\"><p data-start=\"2880\" data-end=\"2916\">Supporto adattato al mercato europeo.<\/p><\/li><\/ul><p data-start=\"2918\" data-end=\"3109\">Quando le differenze di prezzo vengono ridotte mediante l&#039;applicazione di tariffe o tasse, il vantaggio competitivo non risiede pi\u00f9 solo nell&#039;importo iniziale, ma anche nella sicurezza e nel servizio successivo.<\/p><p data-start=\"3111\" data-end=\"3321\">Inoltre, molti modelli Blackview hanno un prezzo inferiore ai 150 \u20ac, il che li rende alternative molto competitive alle importazioni dirette, ma con la tranquillit\u00e0 di operare in Europa.<\/p><hr data-start=\"3323\" data-end=\"3326\" \/><h2 data-start=\"3328\" data-end=\"3392\"><span class=\"ez-toc-section\" id=\"%C2%BFEstamos_ante_un_cambio_estructural_en_el_e-commerce_europeo\"><\/span>Stiamo assistendo a un cambiamento strutturale nell&#039;e-commerce europeo?<span class=\"ez-toc-section-end\"><\/span><\/h2><p data-start=\"3394\" data-end=\"3511\">Pi\u00f9 che una restrizione, questo nuovo scenario pu\u00f2 essere interpretato come una normalizzazione del mercato digitale europeo.<\/p><p data-start=\"3513\" data-end=\"3525\">L&#039;UE \u00e8 alla ricerca di:<\/p><ul data-start=\"3527\" data-end=\"3710\"><li data-start=\"3527\" data-end=\"3598\"><p data-start=\"3529\" data-end=\"3598\">Per bilanciare la concorrenza tra venditori locali e internazionali.<\/p><\/li><li data-start=\"3599\" data-end=\"3624\"><p data-start=\"3601\" data-end=\"3624\">Proteggere il consumatore.<\/p><\/li><li data-start=\"3625\" data-end=\"3659\"><p data-start=\"3627\" data-end=\"3659\">Garantire la conformit\u00e0 fiscale.<\/p><\/li><li data-start=\"3660\" data-end=\"3710\"><p data-start=\"3662\" data-end=\"3710\">Ridurre le distorsioni nell&#039;e-commerce.<\/p><\/li><\/ul><p data-start=\"3712\" data-end=\"3873\">Per l&#039;utente finale, ci\u00f2 significa che la decisione di acquisto inizia a basarsi meno su minime differenze di prezzo e pi\u00f9 su fiducia, garanzia e servizio.<\/p>\t\t\t\t\t\t\t\t<\/div>\n\t\t\t\t<\/div>\n\t\t\t\t\t<\/div>\n\t\t\t\t<\/div>\n\t\t<div class=\"elementor-element elementor-element-2c058c0 e-flex e-con-boxed e-con e-parent\" data-id=\"2c058c0\" data-element_type=\"container\" data-e-type=\"container\">\n\t\t\t\t\t<div class=\"e-con-inner\">\n\t\t\t\t<div class=\"elementor-element elementor-element-bb862d7 elementor-alert-info elementor-widget elementor-widget-alert\" data-id=\"bb862d7\" data-element_type=\"widget\" data-e-type=\"widget\" data-widget_type=\"alert.default\">\n\t\t\t\t<div class=\"elementor-widget-container\">\n\t\t\t\t\t\t\t<div class=\"elementor-alert\" role=\"alert\">\n\n\t\t\t\t\t\t<span class=\"elementor-alert-title\">Le tariffe saranno applicate a partire da luglio 2026.<\/span>\n\t\t\t\n\t\t\t\n\t\t\t\n\t\t<\/div>\n\t\t\t\t\t\t<\/div>\n\t\t\t\t<\/div>\n\t\t\t\t<div class=\"elementor-element elementor-element-9aa0cb8 elementor-widget elementor-widget-text-editor\" data-id=\"9aa0cb8\" data-element_type=\"widget\" data-e-type=\"widget\" data-widget_type=\"text-editor.default\">\n\t\t\t\t<div class=\"elementor-widget-container\">\n\t\t\t\t\t\t\t\t\t<h2 data-start=\"3880\" data-end=\"3933\"><span class=\"ez-toc-section\" id=\"Preguntas_frecuentes_que_estan_surgiendo_en_Europa\"><\/span>Domande frequenti che sorgono in Europa<span class=\"ez-toc-section-end\"><\/span><\/h2><p data-start=\"3935\" data-end=\"4124\"><strong data-start=\"3935\" data-end=\"3993\">Aumenteranno i prezzi di tutti i prodotti acquistati al di fuori dell&#039;UE?<\/strong><br data-start=\"3993\" data-end=\"3996\" \/>Dipender\u00e0 dal tipo di spedizione e dal venditore, ma la tendenza \u00e8 verso un maggiore controllo e la possibile applicazione di costi aggiuntivi.<\/p><p data-start=\"4126\" data-end=\"4239\"><strong data-start=\"4126\" data-end=\"4176\">Acquistare in Europa \u00e8 ora pi\u00f9 sicuro?<\/strong><br data-start=\"4176\" data-end=\"4179\" \/>S\u00ec, soprattutto in termini di garanzie e chiarezza fiscale.<\/p><p data-start=\"4241\" data-end=\"4384\"><strong data-start=\"4241\" data-end=\"4301\">Ci saranno ancora prodotti tecnologici accessibili?<\/strong><br data-start=\"4301\" data-end=\"4304\" \/>S\u00ec, ma diventer\u00e0 sempre pi\u00f9 importante dove saranno gestiti e da dove saranno inviati.<\/p><p data-start=\"4386\" data-end=\"4538\"><strong data-start=\"4386\" data-end=\"4431\">La garanzia europea fa la differenza?<\/strong><br data-start=\"4431\" data-end=\"4434\" \/>Assolutamente s\u00ec. Una garanzia di oltre 3 anni garantisce una stabilit\u00e0 che molte importazioni dirette non offrono.<\/p>\t\t\t\t\t\t\t\t<\/div>\n\t\t\t\t<\/div>\n\t\t\t\t\t<\/div>\n\t\t\t\t<\/div>\n\t\t\t\t<\/div>","protected":false},"excerpt":{"rendered":"<p>Con le nuove normative approvate dall&#039;Unione Europea, gli ordini provenienti da paesi extra-UE, in particolare gli articoli di basso valore, saranno soggetti a controlli pi\u00f9 severi e a possibili dazi aggiuntivi. Ci\u00f2 riguarda direttamente milioni di consumatori in paesi come Portogallo, Germania, Italia, Paesi Bassi e Belgio, dove lo shopping online \u00e8 una prassi comune.<\/p>\n<div class=\"klb-readmore entry-button\"><a class=\"btn read-more\" href=\"https:\/\/blackviewphones.com\/it\/nuevas-normas-de-importacion-en-europa-que-deben-saber-los-consumidores-en-2026\/\">Per saperne di pi\u00f9<\/a><\/div>","protected":false},"author":2,"featured_media":0,"comment_status":"open","ping_status":"open","sticky":false,"template":"","format":"standard","meta":{"_acf_changed":false,"footnotes":""},"categories":[1],"tags":[],"ppma_author":[342],"class_list":["post-12583","post","type-post","status-publish","format-standard","hentry","category-uncategorized"],"acf":[],"authors":[{"term_id":342,"user_id":2,"is_guest":0,"slug":"mirino","display_name":"miricer","avatar_url":"https:\/\/secure.gravatar.com\/avatar\/2de7fc5ea80ff157298bdd950104ca8075c98cbe570f4c0e375d631d4ea2e92b?s=96&d=mm&r=g","0":null,"1":"","2":"","3":"","4":"","5":"","6":"","7":"","8":""}],"_links":{"self":[{"href":"https:\/\/blackviewphones.com\/it\/wp-json\/wp\/v2\/posts\/12583","targetHints":{"allow":["GET"]}}],"collection":[{"href":"https:\/\/blackviewphones.com\/it\/wp-json\/wp\/v2\/posts"}],"about":[{"href":"https:\/\/blackviewphones.com\/it\/wp-json\/wp\/v2\/types\/post"}],"author":[{"embeddable":true,"href":"https:\/\/blackviewphones.com\/it\/wp-json\/wp\/v2\/users\/2"}],"replies":[{"embeddable":true,"href":"https:\/\/blackviewphones.com\/it\/wp-json\/wp\/v2\/comments?post=12583"}],"version-history":[{"count":0,"href":"https:\/\/blackviewphones.com\/it\/wp-json\/wp\/v2\/posts\/12583\/revisions"}],"wp:attachment":[{"href":"https:\/\/blackviewphones.com\/it\/wp-json\/wp\/v2\/media?parent=12583"}],"wp:term":[{"taxonomy":"category","embeddable":true,"href":"https:\/\/blackviewphones.com\/it\/wp-json\/wp\/v2\/categories?post=12583"},{"taxonomy":"post_tag","embeddable":true,"href":"https:\/\/blackviewphones.com\/it\/wp-json\/wp\/v2\/tags?post=12583"},{"taxonomy":"author","embeddable":true,"href":"https:\/\/blackviewphones.com\/it\/wp-json\/wp\/v2\/ppma_author?post=12583"}],"curies":[{"name":"wp","href":"https:\/\/api.w.org\/{rel}","templated":true}]}}